{"id":420,"date":"2020-11-09T11:18:19","date_gmt":"2020-11-09T09:18:19","guid":{"rendered":"https:\/\/www.zahnarzt-stmoritz.ch\/?p=420"},"modified":"2020-11-12T14:27:11","modified_gmt":"2020-11-12T12:27:11","slug":"terapia-laser","status":"publish","type":"post","link":"https:\/\/www.zahnarzt-stmoritz.ch\/it\/lasertherapie\/","title":{"rendered":"Terapia laser"},"content":{"rendered":"<div data-elementor-type=\"wp-post\" data-elementor-id=\"420\" class=\"elementor elementor-420\" data-elementor-post-type=\"post\">\n\t\t\t\t\t\t<section class=\"elementor-section elementor-top-section elementor-element elementor-element-07e07fe elementor-section-boxed elementor-section-height-default elementor-section-height-default\" data-id=\"07e07fe\" data-element_type=\"section\" data-e-type=\"section\">\n\t\t\t\t\t\t<div class=\"elementor-container elementor-column-gap-no\">\n\t\t\t\t\t<div class=\"elementor-column elementor-col-100 elementor-top-column elementor-element elementor-element-aa83f18\" data-id=\"aa83f18\" data-element_type=\"column\" data-e-type=\"column\">\n\t\t\t<div class=\"elementor-widget-wrap elementor-element-populated\">\n\t\t\t\t\t\t<div class=\"elementor-element elementor-element-5f1befe elementor-widget elementor-widget-text-editor\" data-id=\"5f1befe\" data-element_type=\"widget\" data-e-type=\"widget\" data-widget_type=\"text-editor.default\">\n\t\t\t\t<div class=\"elementor-widget-container\">\n\t\t\t\t\t\t\t\t\t<p>Il laser CO2- che utilizziamo ci permette di rimuovere il tessuto degenerato dalla bocca il pi\u00f9 delicatamente possibile. Non lascia cicatrici e dopo il suo utilizzo guarisce velocemente.<br \/>Per otturazioni profonde vicine al nervo, il suo utilizzo lenisce il nervo dentale, evitando il trattamento canalare.<\/p>\t\t\t\t\t\t\t\t<\/div>\n\t\t\t\t<\/div>\n\t\t\t\t\t<\/div>\n\t\t<\/div>\n\t\t\t\t\t<\/div>\n\t\t<\/section>\n\t\t\t\t<\/div>","protected":false},"excerpt":{"rendered":"<p>Il laser CO2- che utilizziamo ci permette di rimuovere il tessuto degenerato dalla bocca il pi\u00f9 delicatamente possibile. Non lascia cicatrici e dopo il suo utilizzo guarisce rapidamente. Con otturazioni profonde che si avvicinano ai nervi, il suo utilizzo calma il Nervo dentale, che evita il trattamento canalare .<\/p>","protected":false},"author":3,"featured_media":394,"comment_status":"closed","ping_status":"closed","sticky":false,"template":"","format":"standard","meta":{"site-sidebar-layout":"default","site-content-layout":"default","ast-site-content-layout":"default","site-content-style":"default","site-sidebar-style":"default","ast-global-header-display":"","ast-banner-title-visibility":"","ast-main-header-display":"","ast-hfb-above-header-display":"","ast-hfb-below-header-display":"","ast-hfb-mobile-header-display":"","site-post-title":"","ast-breadcrumbs-content":"","ast-featured-img":"","footer-sml-layout":"","ast-disable-related-posts":"","theme-transparent-header-meta":"default","adv-header-id-meta":"","stick-header-meta":"","header-above-stick-meta":"","header-main-stick-meta":"","header-below-stick-meta":"","astra-migrate-meta-layouts":"default","ast-page-background-enabled":"default","ast-page-background-meta":{"desktop":{"background-color":"","background-image":"","background-repeat":"repeat","background-position":"center center","background-size":"auto","background-attachment":"scroll","background-type":"","background-media":"","overlay-type":"","overlay-color":"","overlay-opacity":"","overlay-gradient":""},"tablet":{"background-color":"","background-image":"","background-repeat":"repeat","background-position":"center center","background-size":"auto","background-attachment":"scroll","background-type":"","background-media":"","overlay-type":"","overlay-color":"","overlay-opacity":"","overlay-gradient":""},"mobile":{"background-color":"","background-image":"","background-repeat":"repeat","background-position":"center center","background-size":"auto","background-attachment":"scroll","background-type":"","background-media":"","overlay-type":"","overlay-color":"","overlay-opacity":"","overlay-gradient":""}},"ast-content-background-meta":{"desktop":{"background-color":"var(--ast-global-color-5)","background-image":"","background-repeat":"repeat","background-position":"center center","background-size":"auto","background-attachment":"scroll","background-type":"","background-media":"","overlay-type":"","overlay-color":"","overlay-opacity":"","overlay-gradient":""},"tablet":{"background-color":"var(--ast-global-color-5)","background-image":"","background-repeat":"repeat","background-position":"center center","background-size":"auto","background-attachment":"scroll","background-type":"","background-media":"","overlay-type":"","overlay-color":"","overlay-opacity":"","overlay-gradient":""},"mobile":{"background-color":"var(--ast-global-color-5)","background-image":"","background-repeat":"repeat","background-position":"center center","background-size":"auto","background-attachment":"scroll","background-type":"","background-media":"","overlay-type":"","overlay-color":"","overlay-opacity":"","overlay-gradient":""}},"footnotes":""},"categories":[11],"tags":[],"class_list":["post-420","post","type-post","status-publish","format-standard","has-post-thumbnail","hentry","category-optimale-loesungen-fuer-ihre-zahnsituation"],"yoast_head":"<!-- This site is optimized with the Yoast SEO plugin v27.4 - https:\/\/yoast.com\/product\/yoast-seo-wordpress\/ -->\n<title>Lasertherapie - Zahnarzt Dr. Trabold St.Moritz<\/title>\n<meta name=\"robots\" content=\"index, follow, max-snippet:-1, max-image-preview:large, max-video-preview:-1\" \/>\n<link rel=\"canonical\" href=\"https:\/\/www.zahnarzt-stmoritz.ch\/it\/terapia-laser\/\" \/>\n<meta property=\"og:locale\" content=\"it_IT\" \/>\n<meta property=\"og:type\" content=\"article\" \/>\n<meta property=\"og:title\" content=\"Lasertherapie - Zahnarzt Dr. Trabold St.Moritz\" \/>\n<meta property=\"og:description\" content=\"Der von uns angewendete CO2-Laser erlaubt es uns, entartete Gewebe so schonend wie m\u00f6glich aus dem Mund zu entfernen. Er hinterl\u00e4sst keine Narben und nach seiner Anwendung kommt es zu einer schnellen Heilung. Bei tiefen F\u00fcllungen, die nahe am Nerven zu liegen kommen, beruhigt seine Anwendung den Zahnnerv, wodurch eine Wurzelbehandlung vermieden werden kann.\" \/>\n<meta property=\"og:url\" content=\"https:\/\/www.zahnarzt-stmoritz.ch\/it\/terapia-laser\/\" \/>\n<meta property=\"og:site_name\" content=\"Zahnarzt Dr. Trabold St.Moritz\" \/>\n<meta property=\"article:published_time\" content=\"2020-11-09T09:18:19+00:00\" \/>\n<meta property=\"article:modified_time\" content=\"2020-11-12T12:27:11+00:00\" \/>\n<meta property=\"og:image\" content=\"https:\/\/www.zahnarzt-stmoritz.ch\/wp-content\/uploads\/2020\/11\/trabold_studio_17.jpg\" \/>\n\t<meta property=\"og:image:width\" content=\"1920\" \/>\n\t<meta property=\"og:image:height\" content=\"1280\" \/>\n\t<meta property=\"og:image:type\" content=\"image\/jpeg\" \/>\n<meta name=\"author\" content=\"designterminal\" \/>\n<meta name=\"twitter:card\" content=\"summary_large_image\" \/>\n<meta name=\"twitter:label1\" content=\"Scritto da\" \/>\n\t<meta name=\"twitter:data1\" content=\"designterminal\" \/>\n<script type=\"application\/ld+json\" class=\"yoast-schema-graph\">{\"@context\":\"https:\\\/\\\/schema.org\",\"@graph\":[{\"@type\":\"Article\",\"@id\":\"https:\\\/\\\/www.zahnarzt-stmoritz.ch\\\/it\\\/terapia-laser\\\/#article\",\"isPartOf\":{\"@id\":\"https:\\\/\\\/www.zahnarzt-stmoritz.ch\\\/it\\\/terapia-laser\\\/\"},\"author\":{\"name\":\"designterminal\",\"@id\":\"https:\\\/\\\/www.zahnarzt-stmoritz.ch\\\/#\\\/schema\\\/person\\\/e3e95d29b9c82de4fb648d51fa97efa9\"},\"headline\":\"Lasertherapie\",\"datePublished\":\"2020-11-09T09:18:19+00:00\",\"dateModified\":\"2020-11-12T12:27:11+00:00\",\"mainEntityOfPage\":{\"@id\":\"https:\\\/\\\/www.zahnarzt-stmoritz.ch\\\/it\\\/terapia-laser\\\/\"},\"wordCount\":59,\"publisher\":{\"@id\":\"https:\\\/\\\/www.zahnarzt-stmoritz.ch\\\/#organization\"},\"image\":{\"@id\":\"https:\\\/\\\/www.zahnarzt-stmoritz.ch\\\/it\\\/terapia-laser\\\/#primaryimage\"},\"thumbnailUrl\":\"https:\\\/\\\/www.zahnarzt-stmoritz.ch\\\/wp-content\\\/uploads\\\/2020\\\/11\\\/trabold_studio_17.jpg\",\"articleSection\":[\"Optimale L\u00f6sungen f\u00fcr Ihre Zahnsituation\"],\"inLanguage\":\"it-IT\"},{\"@type\":\"WebPage\",\"@id\":\"https:\\\/\\\/www.zahnarzt-stmoritz.ch\\\/it\\\/terapia-laser\\\/\",\"url\":\"https:\\\/\\\/www.zahnarzt-stmoritz.ch\\\/it\\\/terapia-laser\\\/\",\"name\":\"Lasertherapie - Zahnarzt Dr. Trabold St.Moritz\",\"isPartOf\":{\"@id\":\"https:\\\/\\\/www.zahnarzt-stmoritz.ch\\\/#website\"},\"primaryImageOfPage\":{\"@id\":\"https:\\\/\\\/www.zahnarzt-stmoritz.ch\\\/it\\\/terapia-laser\\\/#primaryimage\"},\"image\":{\"@id\":\"https:\\\/\\\/www.zahnarzt-stmoritz.ch\\\/it\\\/terapia-laser\\\/#primaryimage\"},\"thumbnailUrl\":\"https:\\\/\\\/www.zahnarzt-stmoritz.ch\\\/wp-content\\\/uploads\\\/2020\\\/11\\\/trabold_studio_17.jpg\",\"datePublished\":\"2020-11-09T09:18:19+00:00\",\"dateModified\":\"2020-11-12T12:27:11+00:00\",\"breadcrumb\":{\"@id\":\"https:\\\/\\\/www.zahnarzt-stmoritz.ch\\\/it\\\/terapia-laser\\\/#breadcrumb\"},\"inLanguage\":\"it-IT\",\"potentialAction\":[{\"@type\":\"ReadAction\",\"target\":[\"https:\\\/\\\/www.zahnarzt-stmoritz.ch\\\/it\\\/terapia-laser\\\/\"]}]},{\"@type\":\"ImageObject\",\"inLanguage\":\"it-IT\",\"@id\":\"https:\\\/\\\/www.zahnarzt-stmoritz.ch\\\/it\\\/terapia-laser\\\/#primaryimage\",\"url\":\"https:\\\/\\\/www.zahnarzt-stmoritz.ch\\\/wp-content\\\/uploads\\\/2020\\\/11\\\/trabold_studio_17.jpg\",\"contentUrl\":\"https:\\\/\\\/www.zahnarzt-stmoritz.ch\\\/wp-content\\\/uploads\\\/2020\\\/11\\\/trabold_studio_17.jpg\",\"width\":1920,\"height\":1280},{\"@type\":\"BreadcrumbList\",\"@id\":\"https:\\\/\\\/www.zahnarzt-stmoritz.ch\\\/it\\\/terapia-laser\\\/#breadcrumb\",\"itemListElement\":[{\"@type\":\"ListItem\",\"position\":1,\"name\":\"Startseite\",\"item\":\"https:\\\/\\\/www.zahnarzt-stmoritz.ch\\\/\"},{\"@type\":\"ListItem\",\"position\":2,\"name\":\"Lasertherapie\"}]},{\"@type\":\"WebSite\",\"@id\":\"https:\\\/\\\/www.zahnarzt-stmoritz.ch\\\/#website\",\"url\":\"https:\\\/\\\/www.zahnarzt-stmoritz.ch\\\/\",\"name\":\"Zahnarzt Dr. Trabold St.Moritz\",\"description\":\"Die kompetente Zahnarztpraxis in St. Moritz, Engadin\",\"publisher\":{\"@id\":\"https:\\\/\\\/www.zahnarzt-stmoritz.ch\\\/#organization\"},\"potentialAction\":[{\"@type\":\"SearchAction\",\"target\":{\"@type\":\"EntryPoint\",\"urlTemplate\":\"https:\\\/\\\/www.zahnarzt-stmoritz.ch\\\/?s={search_term_string}\"},\"query-input\":{\"@type\":\"PropertyValueSpecification\",\"valueRequired\":true,\"valueName\":\"search_term_string\"}}],\"inLanguage\":\"it-IT\"},{\"@type\":\"Organization\",\"@id\":\"https:\\\/\\\/www.zahnarzt-stmoritz.ch\\\/#organization\",\"name\":\"Zahnarzt Dr. Trabold St. Moritz\",\"url\":\"https:\\\/\\\/www.zahnarzt-stmoritz.ch\\\/\",\"logo\":{\"@type\":\"ImageObject\",\"inLanguage\":\"it-IT\",\"@id\":\"https:\\\/\\\/www.zahnarzt-stmoritz.ch\\\/#\\\/schema\\\/logo\\\/image\\\/\",\"url\":\"https:\\\/\\\/www.zahnarzt-stmoritz.ch\\\/wp-content\\\/uploads\\\/2020\\\/12\\\/zahnarztpraxis-dr-trabold-stmoritz.png\",\"contentUrl\":\"https:\\\/\\\/www.zahnarzt-stmoritz.ch\\\/wp-content\\\/uploads\\\/2020\\\/12\\\/zahnarztpraxis-dr-trabold-stmoritz.png\",\"width\":286,\"height\":85,\"caption\":\"Zahnarzt Dr. Trabold St. Moritz\"},\"image\":{\"@id\":\"https:\\\/\\\/www.zahnarzt-stmoritz.ch\\\/#\\\/schema\\\/logo\\\/image\\\/\"}},{\"@type\":\"Person\",\"@id\":\"https:\\\/\\\/www.zahnarzt-stmoritz.ch\\\/#\\\/schema\\\/person\\\/e3e95d29b9c82de4fb648d51fa97efa9\",\"name\":\"designterminal\",\"image\":{\"@type\":\"ImageObject\",\"inLanguage\":\"it-IT\",\"@id\":\"https:\\\/\\\/secure.gravatar.com\\\/avatar\\\/1bebc75f16a9417a5a5441519a0491ceb941332d6158b2979fc62cf699a83e10?s=96&d=mm&r=g\",\"url\":\"https:\\\/\\\/secure.gravatar.com\\\/avatar\\\/1bebc75f16a9417a5a5441519a0491ceb941332d6158b2979fc62cf699a83e10?s=96&d=mm&r=g\",\"contentUrl\":\"https:\\\/\\\/secure.gravatar.com\\\/avatar\\\/1bebc75f16a9417a5a5441519a0491ceb941332d6158b2979fc62cf699a83e10?s=96&d=mm&r=g\",\"caption\":\"designterminal\"}}]}<\/script>\n<!-- \/ Yoast SEO plugin. -->","yoast_head_json":{"title":"Terapia laser - Dentist Dr. Trabold St.Moritz","robots":{"index":"index","follow":"follow","max-snippet":"max-snippet:-1","max-image-preview":"max-image-preview:large","max-video-preview":"max-video-preview:-1"},"canonical":"https:\/\/www.zahnarzt-stmoritz.ch\/it\/terapia-laser\/","og_locale":"it_IT","og_type":"article","og_title":"Lasertherapie - Zahnarzt Dr. Trabold St.Moritz","og_description":"Der von uns angewendete CO2-Laser erlaubt es uns, entartete Gewebe so schonend wie m\u00f6glich aus dem Mund zu entfernen. Er hinterl\u00e4sst keine Narben und nach seiner Anwendung kommt es zu einer schnellen Heilung. Bei tiefen F\u00fcllungen, die nahe am Nerven zu liegen kommen, beruhigt seine Anwendung den Zahnnerv, wodurch eine Wurzelbehandlung vermieden werden kann.","og_url":"https:\/\/www.zahnarzt-stmoritz.ch\/it\/terapia-laser\/","og_site_name":"Zahnarzt Dr. Trabold St.Moritz","article_published_time":"2020-11-09T09:18:19+00:00","article_modified_time":"2020-11-12T12:27:11+00:00","og_image":[{"width":1920,"height":1280,"url":"https:\/\/www.zahnarzt-stmoritz.ch\/wp-content\/uploads\/2020\/11\/trabold_studio_17.jpg","type":"image\/jpeg"}],"author":"designterminal","twitter_card":"summary_large_image","twitter_misc":{"Scritto da":"designterminal"},"schema":{"@context":"https:\/\/schema.org","@graph":[{"@type":"Article","@id":"https:\/\/www.zahnarzt-stmoritz.ch\/it\/terapia-laser\/#article","isPartOf":{"@id":"https:\/\/www.zahnarzt-stmoritz.ch\/it\/terapia-laser\/"},"author":{"name":"designterminal","@id":"https:\/\/www.zahnarzt-stmoritz.ch\/#\/schema\/person\/e3e95d29b9c82de4fb648d51fa97efa9"},"headline":"Lasertherapie","datePublished":"2020-11-09T09:18:19+00:00","dateModified":"2020-11-12T12:27:11+00:00","mainEntityOfPage":{"@id":"https:\/\/www.zahnarzt-stmoritz.ch\/it\/terapia-laser\/"},"wordCount":59,"publisher":{"@id":"https:\/\/www.zahnarzt-stmoritz.ch\/#organization"},"image":{"@id":"https:\/\/www.zahnarzt-stmoritz.ch\/it\/terapia-laser\/#primaryimage"},"thumbnailUrl":"https:\/\/www.zahnarzt-stmoritz.ch\/wp-content\/uploads\/2020\/11\/trabold_studio_17.jpg","articleSection":["Optimale L\u00f6sungen f\u00fcr Ihre Zahnsituation"],"inLanguage":"it-IT"},{"@type":"WebPage","@id":"https:\/\/www.zahnarzt-stmoritz.ch\/it\/terapia-laser\/","url":"https:\/\/www.zahnarzt-stmoritz.ch\/it\/terapia-laser\/","name":"Terapia laser - Dentist Dr. Trabold St.Moritz","isPartOf":{"@id":"https:\/\/www.zahnarzt-stmoritz.ch\/#website"},"primaryImageOfPage":{"@id":"https:\/\/www.zahnarzt-stmoritz.ch\/it\/terapia-laser\/#primaryimage"},"image":{"@id":"https:\/\/www.zahnarzt-stmoritz.ch\/it\/terapia-laser\/#primaryimage"},"thumbnailUrl":"https:\/\/www.zahnarzt-stmoritz.ch\/wp-content\/uploads\/2020\/11\/trabold_studio_17.jpg","datePublished":"2020-11-09T09:18:19+00:00","dateModified":"2020-11-12T12:27:11+00:00","breadcrumb":{"@id":"https:\/\/www.zahnarzt-stmoritz.ch\/it\/terapia-laser\/#breadcrumb"},"inLanguage":"it-IT","potentialAction":[{"@type":"ReadAction","target":["https:\/\/www.zahnarzt-stmoritz.ch\/it\/terapia-laser\/"]}]},{"@type":"ImageObject","inLanguage":"it-IT","@id":"https:\/\/www.zahnarzt-stmoritz.ch\/it\/terapia-laser\/#primaryimage","url":"https:\/\/www.zahnarzt-stmoritz.ch\/wp-content\/uploads\/2020\/11\/trabold_studio_17.jpg","contentUrl":"https:\/\/www.zahnarzt-stmoritz.ch\/wp-content\/uploads\/2020\/11\/trabold_studio_17.jpg","width":1920,"height":1280},{"@type":"BreadcrumbList","@id":"https:\/\/www.zahnarzt-stmoritz.ch\/it\/terapia-laser\/#breadcrumb","itemListElement":[{"@type":"ListItem","position":1,"name":"Startseite","item":"https:\/\/www.zahnarzt-stmoritz.ch\/"},{"@type":"ListItem","position":2,"name":"Lasertherapie"}]},{"@type":"WebSite","@id":"https:\/\/www.zahnarzt-stmoritz.ch\/#website","url":"https:\/\/www.zahnarzt-stmoritz.ch\/","name":"Dentista Dr. Trabold St.Moritz","description":"Lo studio dentistico competente a St. Moritz, Engadin","publisher":{"@id":"https:\/\/www.zahnarzt-stmoritz.ch\/#organization"},"potentialAction":[{"@type":"SearchAction","target":{"@type":"EntryPoint","urlTemplate":"https:\/\/www.zahnarzt-stmoritz.ch\/?s={search_term_string}"},"query-input":{"@type":"PropertyValueSpecification","valueRequired":true,"valueName":"search_term_string"}}],"inLanguage":"it-IT"},{"@type":"Organization","@id":"https:\/\/www.zahnarzt-stmoritz.ch\/#organization","name":"Dentista Dr. Trabold St. Moritz","url":"https:\/\/www.zahnarzt-stmoritz.ch\/","logo":{"@type":"ImageObject","inLanguage":"it-IT","@id":"https:\/\/www.zahnarzt-stmoritz.ch\/#\/schema\/logo\/image\/","url":"https:\/\/www.zahnarzt-stmoritz.ch\/wp-content\/uploads\/2020\/12\/zahnarztpraxis-dr-trabold-stmoritz.png","contentUrl":"https:\/\/www.zahnarzt-stmoritz.ch\/wp-content\/uploads\/2020\/12\/zahnarztpraxis-dr-trabold-stmoritz.png","width":286,"height":85,"caption":"Zahnarzt Dr. Trabold St. Moritz"},"image":{"@id":"https:\/\/www.zahnarzt-stmoritz.ch\/#\/schema\/logo\/image\/"}},{"@type":"Person","@id":"https:\/\/www.zahnarzt-stmoritz.ch\/#\/schema\/person\/e3e95d29b9c82de4fb648d51fa97efa9","name":"terminale di progettazione","image":{"@type":"ImageObject","inLanguage":"it-IT","@id":"https:\/\/secure.gravatar.com\/avatar\/1bebc75f16a9417a5a5441519a0491ceb941332d6158b2979fc62cf699a83e10?s=96&d=mm&r=g","url":"https:\/\/secure.gravatar.com\/avatar\/1bebc75f16a9417a5a5441519a0491ceb941332d6158b2979fc62cf699a83e10?s=96&d=mm&r=g","contentUrl":"https:\/\/secure.gravatar.com\/avatar\/1bebc75f16a9417a5a5441519a0491ceb941332d6158b2979fc62cf699a83e10?s=96&d=mm&r=g","caption":"designterminal"}}]}},"_links":{"self":[{"href":"https:\/\/www.zahnarzt-stmoritz.ch\/it\/wp-json\/wp\/v2\/posts\/420","targetHints":{"allow":["GET"]}}],"collection":[{"href":"https:\/\/www.zahnarzt-stmoritz.ch\/it\/wp-json\/wp\/v2\/posts"}],"about":[{"href":"https:\/\/www.zahnarzt-stmoritz.ch\/it\/wp-json\/wp\/v2\/types\/post"}],"author":[{"embeddable":true,"href":"https:\/\/www.zahnarzt-stmoritz.ch\/it\/wp-json\/wp\/v2\/users\/3"}],"replies":[{"embeddable":true,"href":"https:\/\/www.zahnarzt-stmoritz.ch\/it\/wp-json\/wp\/v2\/comments?post=420"}],"version-history":[{"count":3,"href":"https:\/\/www.zahnarzt-stmoritz.ch\/it\/wp-json\/wp\/v2\/posts\/420\/revisions"}],"predecessor-version":[{"id":532,"href":"https:\/\/www.zahnarzt-stmoritz.ch\/it\/wp-json\/wp\/v2\/posts\/420\/revisions\/532"}],"wp:featuredmedia":[{"embeddable":true,"href":"https:\/\/www.zahnarzt-stmoritz.ch\/it\/wp-json\/wp\/v2\/media\/394"}],"wp:attachment":[{"href":"https:\/\/www.zahnarzt-stmoritz.ch\/it\/wp-json\/wp\/v2\/media?parent=420"}],"wp:term":[{"taxonomy":"category","embeddable":true,"href":"https:\/\/www.zahnarzt-stmoritz.ch\/it\/wp-json\/wp\/v2\/categories?post=420"},{"taxonomy":"post_tag","embeddable":true,"href":"https:\/\/www.zahnarzt-stmoritz.ch\/it\/wp-json\/wp\/v2\/tags?post=420"}],"curies":[{"name":"parola chiave","href":"https:\/\/api.w.org\/{rel}","templated":true}]}}